{"id":567,"date":"2025-12-04T15:35:21","date_gmt":"2025-12-04T22:35:21","guid":{"rendered":"https:\/\/www.amatlan.gob.mx\/?p=567"},"modified":"2025-12-04T15:35:21","modified_gmt":"2025-12-04T22:35:21","slug":"recibe-amatlan-importante-equipamiento-para-proteccion-civil","status":"publish","type":"post","link":"https:\/\/www.amatlan.gob.mx\/?p=567","title":{"rendered":"Recibe Amatl\u00e1n importante equipamiento para Protecci\u00f3n Civil"},"content":{"rendered":"\n<p>El d\u00eda de hoy, nuestra <strong>Presidenta Municipal<\/strong>, <strong>Lic. Azucena Becerra V\u00e1zquez<\/strong>, acompa\u00f1ada del <strong>Regidor Rosendo Ramos<\/strong>, recibi\u00f3 importante equipamiento estructural, equipo de cuerdas, equipo prehospitalario y material especializado para la atenci\u00f3n de incidentes con sustancias peligrosas.<\/p>\n\n\n\n<p>Este respaldo representa m\u00e1s que herramientas: simboliza confianza, colaboraci\u00f3n interinstitucional y un firme compromiso con la protecci\u00f3n y el bienestar de las familias amatlenses.<\/p>\n\n\n\n<p>Agradecemos al <strong>Presidente Municipal de Tala<\/strong>, <strong>Jalisco<\/strong>, <strong>Gerardo Ruiz<\/strong>, as\u00ed como a <strong>Bomberos Voluntarios BRAC<\/strong>, por su generosidad y disposici\u00f3n para fortalecer las capacidades operativas de nuestra \u00e1rea de<strong> Protecci\u00f3n Civil<\/strong>.<\/p>\n\n\n\n<p>Con acciones como estas, seguimos avanzando para cumplir nuestra misi\u00f3n de proteger y servir a Amatl\u00e1n de Ca\u00f1as con mayor seguridad, profesionalismo y preparaci\u00f3n.<\/p>\n\n\n\n<p><\/p>\n\n\n<div class=\"wp-block-image\">\n<figure class=\"aligncenter size-large\"><img loading=\"lazy\" decoding=\"async\" width=\"1024\" height=\"683\" src=\"https:\/\/www.amatlan.gob.mx\/wp-content\/uploads\/2025\/12\/donacionpc-1024x683.jpg\" alt=\"\" class=\"wp-image-568\" srcset=\"https:\/\/www.amatlan.gob.mx\/wp-content\/uploads\/2025\/12\/donacionpc-1024x683.jpg 1024w, https:\/\/www.amatlan.gob.mx\/wp-content\/uploads\/2025\/12\/donacionpc-300x200.jpg 300w, https:\/\/www.amatlan.gob.mx\/wp-content\/uploads\/2025\/12\/donacionpc-768x512.jpg 768w, https:\/\/www.amatlan.gob.mx\/wp-content\/uploads\/2025\/12\/donacionpc-1536x1025.jpg 1536w, https:\/\/www.amatlan.gob.mx\/wp-content\/uploads\/2025\/12\/donacionpc.jpg 2048w\" sizes=\"auto, (max-width: 1024px) 100vw, 1024px\" \/><\/figure>\n<\/div>","protected":false},"excerpt":{"rendered":"<p>El d\u00eda de hoy, nuestra Presidenta Municipal, Lic. Azucena Becerra V\u00e1zquez, acompa\u00f1ada del Regidor Rosendo Ramos, recibi\u00f3 importante equipamiento estructural, equipo de cuerdas, equipo prehospitalario y material especializado para la atenci\u00f3n de incidentes con sustancias peligrosas. Este respaldo representa m\u00e1s que herramientas: simboliza confianza, colaboraci\u00f3n interinstitucional y un firme compromiso con la protecci\u00f3n y el [&hellip;]<\/p>\n","protected":false},"author":1,"featured_media":0,"comment_status":"open","ping_status":"closed","sticky":false,"template":"","format":"standard","meta":{"footnotes":""},"categories":[1,17],"tags":[],"class_list":["post-567","post","type-post","status-publish","format-standard","hentry","category-gobernacion","category-proteccioncivil"],"_links":{"self":[{"href":"https:\/\/www.amatlan.gob.mx\/index.php?rest_route=\/wp\/v2\/posts\/567","targetHints":{"allow":["GET"]}}],"collection":[{"href":"https:\/\/www.amatlan.gob.mx\/index.php?rest_route=\/wp\/v2\/posts"}],"about":[{"href":"https:\/\/www.amatlan.gob.mx\/index.php?rest_route=\/wp\/v2\/types\/post"}],"author":[{"embeddable":true,"href":"https:\/\/www.amatlan.gob.mx\/index.php?rest_route=\/wp\/v2\/users\/1"}],"replies":[{"embeddable":true,"href":"https:\/\/www.amatlan.gob.mx\/index.php?rest_route=%2Fwp%2Fv2%2Fcomments&post=567"}],"version-history":[{"count":1,"href":"https:\/\/www.amatlan.gob.mx\/index.php?rest_route=\/wp\/v2\/posts\/567\/revisions"}],"predecessor-version":[{"id":569,"href":"https:\/\/www.amatlan.gob.mx\/index.php?rest_route=\/wp\/v2\/posts\/567\/revisions\/569"}],"wp:attachment":[{"href":"https:\/\/www.amatlan.gob.mx\/index.php?rest_route=%2Fwp%2Fv2%2Fmedia&parent=567"}],"wp:term":[{"taxonomy":"category","embeddable":true,"href":"https:\/\/www.amatlan.gob.mx\/index.php?rest_route=%2Fwp%2Fv2%2Fcategories&post=567"},{"taxonomy":"post_tag","embeddable":true,"href":"https:\/\/www.amatlan.gob.mx\/index.php?rest_route=%2Fwp%2Fv2%2Ftags&post=567"}],"curies":[{"name":"wp","href":"https:\/\/api.w.org\/{rel}","templated":true}]}}