{"id":1140,"date":"2026-04-29T07:03:27","date_gmt":"2026-04-29T14:03:27","guid":{"rendered":"https:\/\/www.amatlan.gob.mx\/?p=1140"},"modified":"2026-04-29T07:04:51","modified_gmt":"2026-04-29T14:04:51","slug":"asi-vivimos-una-tarde-llena-de-alegria-y-diversion-en-la-localidad-de-tepuzhuacan","status":"publish","type":"post","link":"https:\/\/www.amatlan.gob.mx\/?p=1140","title":{"rendered":"\u00a1As\u00ed vivimos una tarde llena de alegr\u00eda y diversi\u00f3n en la localidad de Tepuzhuac\u00e1n!"},"content":{"rendered":"\n<p><img loading=\"lazy\" decoding=\"async\" height=\"16\" width=\"16\" src=\"https:\/\/static.xx.fbcdn.net\/images\/emoji.php\/v9\/t8c\/1\/16\/1f389.png\" alt=\"\ud83c\udf89\"><img loading=\"lazy\" decoding=\"async\" height=\"16\" width=\"16\" src=\"https:\/\/static.xx.fbcdn.net\/images\/emoji.php\/v9\/t8d\/1\/16\/1f467.png\" alt=\"\ud83d\udc67\"><img loading=\"lazy\" decoding=\"async\" height=\"16\" width=\"16\" src=\"https:\/\/static.xx.fbcdn.net\/images\/emoji.php\/v9\/tdf\/1\/16\/1f9d2.png\" alt=\"\ud83e\uddd2\"> \u00a1As\u00ed vivimos una tarde llena de alegr\u00eda y diversi\u00f3n en la localidad de <strong>Tepuzhuac\u00e1n!<\/strong> <img loading=\"lazy\" decoding=\"async\" height=\"16\" width=\"16\" src=\"https:\/\/static.xx.fbcdn.net\/images\/emoji.php\/v9\/tb\/1\/16\/1f388.png\" alt=\"\ud83c\udf88\"><img loading=\"lazy\" decoding=\"async\" height=\"16\" width=\"16\" src=\"https:\/\/static.xx.fbcdn.net\/images\/emoji.php\/v9\/tf4\/1\/16\/2728.png\" alt=\"\u2728\"><\/p>\n\n\n\n<p>El <strong>H. XLIII Ayuntamiento de Amatl\u00e1n de Ca\u00f1as<\/strong>, en coordinaci\u00f3n con el <strong>Sistema DIF Municipal<\/strong> y <strong>LOGA Entretenimiento<\/strong>, llev\u00f3 a cabo un gran festejo con motivo del <strong>D\u00eda del Ni\u00f1o<\/strong>, donde nuestras ni\u00f1as y ni\u00f1os disfrutaron de m\u00fasica, baile, juegos y la convivencia con incre\u00edbles personajes que llenaron de emoci\u00f3n y sonrisas este gran evento. <img loading=\"lazy\" decoding=\"async\" height=\"16\" width=\"16\" src=\"https:\/\/static.xx.fbcdn.net\/images\/emoji.php\/v9\/t6d\/1\/16\/1f973.png\" alt=\"\ud83e\udd73\"><img loading=\"lazy\" decoding=\"async\" height=\"16\" width=\"16\" src=\"https:\/\/static.xx.fbcdn.net\/images\/emoji.php\/v9\/t1f\/1\/16\/1f3b6.png\" alt=\"\ud83c\udfb6\"><\/p>\n\n\n\n<p>Durante esta celebraci\u00f3n, las familias de <strong>Tepuzhuac\u00e1n<\/strong> compartieron momentos inolvidables en un ambiente de sana convivencia, reforzando la importancia de brindar espacios recreativos y felices para nuestras ni\u00f1as y ni\u00f1os. <img loading=\"lazy\" decoding=\"async\" height=\"16\" width=\"16\" src=\"https:\/\/static.xx.fbcdn.net\/images\/emoji.php\/v9\/te9\/1\/16\/1f496.png\" alt=\"\ud83d\udc96\"><\/p>\n\n\n\n<p>Agradecemos a todas las familias que participaron y formaron parte de esta bonita celebraci\u00f3n, as\u00ed como a quienes hicieron posible llevar alegr\u00eda a nuestra ni\u00f1ez.<\/p>\n\n\n\n<p><strong>\u00a1Seguimos trabajando para construir momentos que fortalezcan la uni\u00f3n y felicidad de nuestras comunidades!<\/strong> <img loading=\"lazy\" decoding=\"async\" height=\"16\" width=\"16\" src=\"https:\/\/static.xx.fbcdn.net\/images\/emoji.php\/v9\/te0\/1\/16\/1f31f.png\" alt=\"\ud83c\udf1f\"><img loading=\"lazy\" decoding=\"async\" height=\"16\" width=\"16\" src=\"https:\/\/static.xx.fbcdn.net\/images\/emoji.php\/v9\/tb4\/1\/16\/1f38a.png\" alt=\"\ud83c\udf8a\"><\/p>\n\n\n\n<p><\/p>\n\n\n\n<figure class=\"wp-block-gallery has-nested-images columns-default is-cropped wp-block-gallery-1 is-layout-flex wp-block-gallery-is-layout-flex\">\n<figure class=\"wp-block-image size-large\"><img loading=\"lazy\" decoding=\"async\" width=\"1024\" height=\"576\" data-id=\"1144\" src=\"https:\/\/www.amatlan.gob.mx\/wp-content\/uploads\/2026\/04\/dnt261-1024x576.jpg\" alt=\"\" class=\"wp-image-1144\" srcset=\"https:\/\/www.amatlan.gob.mx\/wp-content\/uploads\/2026\/04\/dnt261-1024x576.jpg 1024w, https:\/\/www.amatlan.gob.mx\/wp-content\/uploads\/2026\/04\/dnt261-300x169.jpg 300w, https:\/\/www.amatlan.gob.mx\/wp-content\/uploads\/2026\/04\/dnt261-768x432.jpg 768w, https:\/\/www.amatlan.gob.mx\/wp-content\/uploads\/2026\/04\/dnt261-1536x864.jpg 1536w, https:\/\/www.amatlan.gob.mx\/wp-content\/uploads\/2026\/04\/dnt261.jpg 2048w\" sizes=\"auto, (max-width: 1024px) 100vw, 1024px\" \/><\/figure>\n\n\n\n<figure class=\"wp-block-image size-large\"><img loading=\"lazy\" decoding=\"async\" width=\"1024\" height=\"576\" data-id=\"1142\" src=\"https:\/\/www.amatlan.gob.mx\/wp-content\/uploads\/2026\/04\/dnt262-1024x576.jpg\" alt=\"\" class=\"wp-image-1142\" srcset=\"https:\/\/www.amatlan.gob.mx\/wp-content\/uploads\/2026\/04\/dnt262-1024x576.jpg 1024w, https:\/\/www.amatlan.gob.mx\/wp-content\/uploads\/2026\/04\/dnt262-300x169.jpg 300w, https:\/\/www.amatlan.gob.mx\/wp-content\/uploads\/2026\/04\/dnt262-768x432.jpg 768w, https:\/\/www.amatlan.gob.mx\/wp-content\/uploads\/2026\/04\/dnt262-1536x864.jpg 1536w, https:\/\/www.amatlan.gob.mx\/wp-content\/uploads\/2026\/04\/dnt262.jpg 2048w\" sizes=\"auto, (max-width: 1024px) 100vw, 1024px\" \/><\/figure>\n\n\n\n<figure class=\"wp-block-image size-large\"><img loading=\"lazy\" decoding=\"async\" width=\"1024\" height=\"576\" data-id=\"1145\" src=\"https:\/\/www.amatlan.gob.mx\/wp-content\/uploads\/2026\/04\/dnt263-1024x576.jpg\" alt=\"\" class=\"wp-image-1145\" srcset=\"https:\/\/www.amatlan.gob.mx\/wp-content\/uploads\/2026\/04\/dnt263-1024x576.jpg 1024w, https:\/\/www.amatlan.gob.mx\/wp-content\/uploads\/2026\/04\/dnt263-300x169.jpg 300w, https:\/\/www.amatlan.gob.mx\/wp-content\/uploads\/2026\/04\/dnt263-768x432.jpg 768w, https:\/\/www.amatlan.gob.mx\/wp-content\/uploads\/2026\/04\/dnt263-1536x864.jpg 1536w, https:\/\/www.amatlan.gob.mx\/wp-content\/uploads\/2026\/04\/dnt263.jpg 2048w\" sizes=\"auto, (max-width: 1024px) 100vw, 1024px\" \/><\/figure>\n\n\n\n<figure class=\"wp-block-image size-large\"><img loading=\"lazy\" decoding=\"async\" width=\"1024\" height=\"576\" data-id=\"1141\" src=\"https:\/\/www.amatlan.gob.mx\/wp-content\/uploads\/2026\/04\/dnt264-1024x576.jpg\" alt=\"\" class=\"wp-image-1141\" srcset=\"https:\/\/www.amatlan.gob.mx\/wp-content\/uploads\/2026\/04\/dnt264-1024x576.jpg 1024w, https:\/\/www.amatlan.gob.mx\/wp-content\/uploads\/2026\/04\/dnt264-300x169.jpg 300w, https:\/\/www.amatlan.gob.mx\/wp-content\/uploads\/2026\/04\/dnt264-768x432.jpg 768w, https:\/\/www.amatlan.gob.mx\/wp-content\/uploads\/2026\/04\/dnt264-1536x864.jpg 1536w, https:\/\/www.amatlan.gob.mx\/wp-content\/uploads\/2026\/04\/dnt264.jpg 2048w\" sizes=\"auto, (max-width: 1024px) 100vw, 1024px\" \/><\/figure>\n\n\n\n<figure class=\"wp-block-image size-large\"><img loading=\"lazy\" decoding=\"async\" width=\"1024\" height=\"576\" data-id=\"1143\" src=\"https:\/\/www.amatlan.gob.mx\/wp-content\/uploads\/2026\/04\/dnt265-1024x576.jpg\" alt=\"\" class=\"wp-image-1143\" srcset=\"https:\/\/www.amatlan.gob.mx\/wp-content\/uploads\/2026\/04\/dnt265-1024x576.jpg 1024w, https:\/\/www.amatlan.gob.mx\/wp-content\/uploads\/2026\/04\/dnt265-300x169.jpg 300w, https:\/\/www.amatlan.gob.mx\/wp-content\/uploads\/2026\/04\/dnt265-768x432.jpg 768w, https:\/\/www.amatlan.gob.mx\/wp-content\/uploads\/2026\/04\/dnt265-1536x864.jpg 1536w, https:\/\/www.amatlan.gob.mx\/wp-content\/uploads\/2026\/04\/dnt265.jpg 2048w\" sizes=\"auto, (max-width: 1024px) 100vw, 1024px\" \/><\/figure>\n<\/figure>\n","protected":false},"excerpt":{"rendered":"<p>\u00a1As\u00ed vivimos una tarde llena de alegr\u00eda y diversi\u00f3n en la localidad de Tepuzhuac\u00e1n! El H. XLIII Ayuntamiento de Amatl\u00e1n de Ca\u00f1as, en coordinaci\u00f3n con el Sistema DIF Municipal y LOGA Entretenimiento, llev\u00f3 a cabo un gran festejo con motivo del D\u00eda del Ni\u00f1o, donde nuestras ni\u00f1as y ni\u00f1os disfrutaron de m\u00fasica, baile, juegos y [&hellip;]<\/p>\n","protected":false},"author":1,"featured_media":0,"comment_status":"open","ping_status":"closed","sticky":false,"template":"","format":"standard","meta":{"footnotes":""},"categories":[21,1,11],"tags":[],"class_list":["post-1140","post","type-post","status-publish","format-standard","hentry","category-culturayturismo","category-gobernacion","category-difmunicipal"],"_links":{"self":[{"href":"https:\/\/www.amatlan.gob.mx\/index.php?rest_route=\/wp\/v2\/posts\/1140","targetHints":{"allow":["GET"]}}],"collection":[{"href":"https:\/\/www.amatlan.gob.mx\/index.php?rest_route=\/wp\/v2\/posts"}],"about":[{"href":"https:\/\/www.amatlan.gob.mx\/index.php?rest_route=\/wp\/v2\/types\/post"}],"author":[{"embeddable":true,"href":"https:\/\/www.amatlan.gob.mx\/index.php?rest_route=\/wp\/v2\/users\/1"}],"replies":[{"embeddable":true,"href":"https:\/\/www.amatlan.gob.mx\/index.php?rest_route=%2Fwp%2Fv2%2Fcomments&post=1140"}],"version-history":[{"count":2,"href":"https:\/\/www.amatlan.gob.mx\/index.php?rest_route=\/wp\/v2\/posts\/1140\/revisions"}],"predecessor-version":[{"id":1147,"href":"https:\/\/www.amatlan.gob.mx\/index.php?rest_route=\/wp\/v2\/posts\/1140\/revisions\/1147"}],"wp:attachment":[{"href":"https:\/\/www.amatlan.gob.mx\/index.php?rest_route=%2Fwp%2Fv2%2Fmedia&parent=1140"}],"wp:term":[{"taxonomy":"category","embeddable":true,"href":"https:\/\/www.amatlan.gob.mx\/index.php?rest_route=%2Fwp%2Fv2%2Fcategories&post=1140"},{"taxonomy":"post_tag","embeddable":true,"href":"https:\/\/www.amatlan.gob.mx\/index.php?rest_route=%2Fwp%2Fv2%2Ftags&post=1140"}],"curies":[{"name":"wp","href":"https:\/\/api.w.org\/{rel}","templated":true}]}}