{"id":1057,"date":"2026-03-12T14:39:40","date_gmt":"2026-03-12T21:39:40","guid":{"rendered":"https:\/\/www.amatlan.gob.mx\/?p=1057"},"modified":"2026-03-12T14:39:40","modified_gmt":"2026-03-12T21:39:40","slug":"jornada-de-atencion-a-ejidatarios-del-municipio","status":"publish","type":"post","link":"https:\/\/www.amatlan.gob.mx\/?p=1057","title":{"rendered":"Jornada de atenci\u00f3n a Ejidatarios del Municipio"},"content":{"rendered":"\n<p>El <strong>Gobierno Municipal de Amatl\u00e1n de Ca\u00f1as<\/strong>, en colaboraci\u00f3n con diversas instituciones, llev\u00f3 a cabo una jornada de atenci\u00f3n a ejidatarios del municipio, abordando temas de gran relevancia para el sector agr\u00edcola.<\/p>\n\n\n\n<p>El Ingeniero <strong>Carlos Jaime Nolasco <\/strong>imparti\u00f3 informaci\u00f3n sobre fertilizantes y apoyos federales, brindando orientaci\u00f3n y soluciones a los productores locales.<\/p>\n\n\n\n<p>Por su parte, el <strong>C. Benjamin Martinez<\/strong>, de la <strong>Central de Maquinaria<\/strong>, comparti\u00f3 detalles importantes sobre los servicios y beneficios disponibles para los ejidatarios.<\/p>\n\n\n\n<p>El Ingeniero <strong>Misael Bobadilla<\/strong>, <strong>Director de Desarrollo Rural de Ixtl\u00e1n del R\u00edo<\/strong>, habl\u00f3 sobre el programa <strong>\u00abMi Parcela no se Quema\u00bb<\/strong>, promoviendo pr\u00e1cticas sostenibles y responsables en el manejo de tierras, continuando con el tema del <strong>Gusano Barrenador <\/strong>impartido por <strong>Eligio Parra <\/strong>de <strong>SENASICA<\/strong>.<\/p>\n\n\n\n<p>Finalmente, el <strong>Ing. Juan Mej\u00eda Mart\u00ednez<\/strong> present\u00f3 el programa<strong> \u00abCosechando Soberan\u00eda\u00bb<\/strong>, destacando la importancia de la autosuficiencia alimentaria y el apoyo a los productores locales.<\/p>\n\n\n\n<p>El <strong>Gobierno Municipal de Amatl\u00e1n de Ca\u00f1as<\/strong> y el \u00e1rea de <strong>Desarrollo Rural<\/strong> encabezado por el <strong>Director Osvaldo Haro Paz<\/strong>, seriguriemos impulsando acciones y trabajando por el desarrollo de nuestro Municipio.<\/p>\n\n\n\n<figure class=\"wp-block-image size-large\"><img loading=\"lazy\" decoding=\"async\" width=\"1024\" height=\"683\" src=\"https:\/\/www.amatlan.gob.mx\/wp-content\/uploads\/2026\/03\/mpnsq-1024x683.jpg\" alt=\"\" class=\"wp-image-1054\" srcset=\"https:\/\/www.amatlan.gob.mx\/wp-content\/uploads\/2026\/03\/mpnsq-1024x683.jpg 1024w, https:\/\/www.amatlan.gob.mx\/wp-content\/uploads\/2026\/03\/mpnsq-300x200.jpg 300w, https:\/\/www.amatlan.gob.mx\/wp-content\/uploads\/2026\/03\/mpnsq-768x512.jpg 768w, https:\/\/www.amatlan.gob.mx\/wp-content\/uploads\/2026\/03\/mpnsq-1536x1024.jpg 1536w, https:\/\/www.amatlan.gob.mx\/wp-content\/uploads\/2026\/03\/mpnsq.jpg 2048w\" sizes=\"auto, (max-width: 1024px) 100vw, 1024px\" \/><\/figure>\n","protected":false},"excerpt":{"rendered":"<p>El Gobierno Municipal de Amatl\u00e1n de Ca\u00f1as, en colaboraci\u00f3n con diversas instituciones, llev\u00f3 a cabo una jornada de atenci\u00f3n a ejidatarios del municipio, abordando temas de gran relevancia para el sector agr\u00edcola. El Ingeniero Carlos Jaime Nolasco imparti\u00f3 informaci\u00f3n sobre fertilizantes y apoyos federales, brindando orientaci\u00f3n y soluciones a los productores locales. Por su parte, [&hellip;]<\/p>\n","protected":false},"author":1,"featured_media":0,"comment_status":"open","ping_status":"closed","sticky":false,"template":"","format":"standard","meta":{"footnotes":""},"categories":[14],"tags":[],"class_list":["post-1057","post","type-post","status-publish","format-standard","hentry","category-desarrollorural"],"_links":{"self":[{"href":"https:\/\/www.amatlan.gob.mx\/index.php?rest_route=\/wp\/v2\/posts\/1057","targetHints":{"allow":["GET"]}}],"collection":[{"href":"https:\/\/www.amatlan.gob.mx\/index.php?rest_route=\/wp\/v2\/posts"}],"about":[{"href":"https:\/\/www.amatlan.gob.mx\/index.php?rest_route=\/wp\/v2\/types\/post"}],"author":[{"embeddable":true,"href":"https:\/\/www.amatlan.gob.mx\/index.php?rest_route=\/wp\/v2\/users\/1"}],"replies":[{"embeddable":true,"href":"https:\/\/www.amatlan.gob.mx\/index.php?rest_route=%2Fwp%2Fv2%2Fcomments&post=1057"}],"version-history":[{"count":1,"href":"https:\/\/www.amatlan.gob.mx\/index.php?rest_route=\/wp\/v2\/posts\/1057\/revisions"}],"predecessor-version":[{"id":1058,"href":"https:\/\/www.amatlan.gob.mx\/index.php?rest_route=\/wp\/v2\/posts\/1057\/revisions\/1058"}],"wp:attachment":[{"href":"https:\/\/www.amatlan.gob.mx\/index.php?rest_route=%2Fwp%2Fv2%2Fmedia&parent=1057"}],"wp:term":[{"taxonomy":"category","embeddable":true,"href":"https:\/\/www.amatlan.gob.mx\/index.php?rest_route=%2Fwp%2Fv2%2Fcategories&post=1057"},{"taxonomy":"post_tag","embeddable":true,"href":"https:\/\/www.amatlan.gob.mx\/index.php?rest_route=%2Fwp%2Fv2%2Ftags&post=1057"}],"curies":[{"name":"wp","href":"https:\/\/api.w.org\/{rel}","templated":true}]}}