{"id":1041,"date":"2026-03-08T11:09:07","date_gmt":"2026-03-08T18:09:07","guid":{"rendered":"https:\/\/www.amatlan.gob.mx\/?p=1041"},"modified":"2026-03-08T11:11:47","modified_gmt":"2026-03-08T18:11:47","slug":"8-de-marzo-dia-internacional-de-la-mujer","status":"publish","type":"post","link":"https:\/\/www.amatlan.gob.mx\/?p=1041","title":{"rendered":"8 de Marzo.  D\u00eda Internacional de la Mujer."},"content":{"rendered":"<div class=\"wp-block-image\">\n<figure class=\"aligncenter size-large\"><img loading=\"lazy\" decoding=\"async\" width=\"663\" height=\"1024\" src=\"https:\/\/www.amatlan.gob.mx\/wp-content\/uploads\/2026\/03\/Flyer-Dia-de-la-Mujer-663x1024.png\" alt=\"\" class=\"wp-image-1043\" srcset=\"https:\/\/www.amatlan.gob.mx\/wp-content\/uploads\/2026\/03\/Flyer-Dia-de-la-Mujer-663x1024.png 663w, https:\/\/www.amatlan.gob.mx\/wp-content\/uploads\/2026\/03\/Flyer-Dia-de-la-Mujer-194x300.png 194w, https:\/\/www.amatlan.gob.mx\/wp-content\/uploads\/2026\/03\/Flyer-Dia-de-la-Mujer-768x1187.png 768w, https:\/\/www.amatlan.gob.mx\/wp-content\/uploads\/2026\/03\/Flyer-Dia-de-la-Mujer-994x1536.png 994w, https:\/\/www.amatlan.gob.mx\/wp-content\/uploads\/2026\/03\/Flyer-Dia-de-la-Mujer-1325x2048.png 1325w, https:\/\/www.amatlan.gob.mx\/wp-content\/uploads\/2026\/03\/Flyer-Dia-de-la-Mujer-scaled.png 1656w\" sizes=\"auto, (max-width: 663px) 100vw, 663px\" \/><\/figure>\n<\/div>\n\n\n<p><\/p>\n\n\n\n<p class=\"has-text-align-center\">En el <strong>Gobierno Municipal de Amatl\u00e1n de Ca\u00f1as,<\/strong> <strong>Nayarit<\/strong>, hoy conmemoramos el <strong>D\u00eda Internacional de la Mujer<\/strong>, una fecha para reconocer la fortaleza, valent\u00eda y contribuci\u00f3n de todas las mujeres que d\u00eda a d\u00eda construyen una sociedad m\u00e1s justa, solidaria y llena de esperanza.<\/p>\n\n\n\n<p class=\"has-text-align-center\">Honramos a quienes han luchado por la igualdad de derechos, y reafirmamos nuestro compromiso de seguir trabajando por el bienestar, la dignidad y las oportunidades para todas las mujeres de nuestro municipio.<\/p>\n\n\n\n<p class=\"has-text-align-center\">Que este d\u00eda nos inspire a seguir promoviendo el respeto, la equidad y el empoderamiento de ni\u00f1as, j\u00f3venes y mujeres.&nbsp;<\/p>\n\n\n\n<p class=\"has-text-align-center\"><strong>Porque cuando una mujer avanza, avanzamos todas y todos.<\/strong><\/p>\n","protected":false},"excerpt":{"rendered":"<p>En el Gobierno Municipal de Amatl\u00e1n de Ca\u00f1as, Nayarit, hoy conmemoramos el D\u00eda Internacional de la Mujer, una fecha para reconocer la fortaleza, valent\u00eda y contribuci\u00f3n de todas las mujeres que d\u00eda a d\u00eda construyen una sociedad m\u00e1s justa, solidaria y llena de esperanza. Honramos a quienes han luchado por la igualdad de derechos, y [&hellip;]<\/p>\n","protected":false},"author":1,"featured_media":0,"comment_status":"open","ping_status":"closed","sticky":false,"template":"","format":"standard","meta":{"footnotes":""},"categories":[34,18,11],"tags":[],"class_list":["post-1041","post","type-post","status-publish","format-standard","hentry","category-immujer","category-institutomujer","category-difmunicipal"],"_links":{"self":[{"href":"https:\/\/www.amatlan.gob.mx\/index.php?rest_route=\/wp\/v2\/posts\/1041","targetHints":{"allow":["GET"]}}],"collection":[{"href":"https:\/\/www.amatlan.gob.mx\/index.php?rest_route=\/wp\/v2\/posts"}],"about":[{"href":"https:\/\/www.amatlan.gob.mx\/index.php?rest_route=\/wp\/v2\/types\/post"}],"author":[{"embeddable":true,"href":"https:\/\/www.amatlan.gob.mx\/index.php?rest_route=\/wp\/v2\/users\/1"}],"replies":[{"embeddable":true,"href":"https:\/\/www.amatlan.gob.mx\/index.php?rest_route=%2Fwp%2Fv2%2Fcomments&post=1041"}],"version-history":[{"count":4,"href":"https:\/\/www.amatlan.gob.mx\/index.php?rest_route=\/wp\/v2\/posts\/1041\/revisions"}],"predecessor-version":[{"id":1047,"href":"https:\/\/www.amatlan.gob.mx\/index.php?rest_route=\/wp\/v2\/posts\/1041\/revisions\/1047"}],"wp:attachment":[{"href":"https:\/\/www.amatlan.gob.mx\/index.php?rest_route=%2Fwp%2Fv2%2Fmedia&parent=1041"}],"wp:term":[{"taxonomy":"category","embeddable":true,"href":"https:\/\/www.amatlan.gob.mx\/index.php?rest_route=%2Fwp%2Fv2%2Fcategories&post=1041"},{"taxonomy":"post_tag","embeddable":true,"href":"https:\/\/www.amatlan.gob.mx\/index.php?rest_route=%2Fwp%2Fv2%2Ftags&post=1041"}],"curies":[{"name":"wp","href":"https:\/\/api.w.org\/{rel}","templated":true}]}}