{"id":1023,"date":"2026-03-03T10:56:00","date_gmt":"2026-03-03T17:56:00","guid":{"rendered":"https:\/\/www.amatlan.gob.mx\/?p=1023"},"modified":"2026-03-03T10:56:00","modified_gmt":"2026-03-03T17:56:00","slug":"8vo-torneo-municipal-de-voleibol-femenil","status":"publish","type":"post","link":"https:\/\/www.amatlan.gob.mx\/?p=1023","title":{"rendered":"8vo Torneo Municipal de Voleibol Femenil"},"content":{"rendered":"\n<p>El <strong>Gobierno Municipal de Amatl\u00e1n de Ca\u00f1as<\/strong> se complace en anunciar, el <strong>8vo Torneo Municipal de Voleibol Femenil<\/strong> de categor\u00eda libre, fue un \u00e9xito.<img loading=\"lazy\" decoding=\"async\" height=\"16\" width=\"16\" src=\"https:\/\/static.xx.fbcdn.net\/images\/emoji.php\/v9\/t57\/1\/16\/1f3d0.png\" alt=\"\ud83c\udfd0\"><img loading=\"lazy\" decoding=\"async\" height=\"16\" width=\"16\" src=\"https:\/\/static.xx.fbcdn.net\/images\/emoji.php\/v9\/t6c\/1\/16\/2764.png\" alt=\"\u2764\ufe0f\"><\/p>\n\n\n\n<p>El equipo de <strong>\u00abBarranca del Oro\u00bb<\/strong> se coron\u00f3 Campe\u00f3n<img loading=\"lazy\" decoding=\"async\" height=\"16\" width=\"16\" src=\"https:\/\/static.xx.fbcdn.net\/images\/emoji.php\/v9\/t94\/1\/16\/1f947.png\" alt=\"\ud83e\udd47\">, seguido por el equipo de <strong>\u00abEl Pilon\u00bb <\/strong>en segundo lugar<img loading=\"lazy\" decoding=\"async\" height=\"16\" width=\"16\" src=\"https:\/\/static.xx.fbcdn.net\/images\/emoji.php\/v9\/t15\/1\/16\/1f948.png\" alt=\"\ud83e\udd48\"> y <strong>\u00abMaster Amatl\u00e1n\u00bb<\/strong> en tercer lugar<img loading=\"lazy\" decoding=\"async\" height=\"16\" width=\"16\" src=\"https:\/\/static.xx.fbcdn.net\/images\/emoji.php\/v9\/t96\/1\/16\/1f949.png\" alt=\"\ud83e\udd49\">.<\/p>\n\n\n\n<p>Agradecemos al <strong>Director de Deportes<\/strong>, <strong>Jos\u00e9 Trinidad Ibarra Arredondo<\/strong>, y a su equipo de trabajo por su dedicaci\u00f3n y esfuerzo para hacer posible este evento.<\/p>\n\n\n\n<p>Felicitamos a los equipos ganadores y a todos los equipos participantes por su entusiasmo y esp\u00edritu deportivo.<\/p>\n\n\n\n<p><strong>\u00a1Sigamos trabajando juntos para fomentar el deporte en Amatl\u00e1n de Ca\u00f1as!<\/strong><\/p>\n\n\n\n<figure class=\"wp-block-gallery has-nested-images columns-default is-cropped wp-block-gallery-1 is-layout-flex wp-block-gallery-is-layout-flex\">\n<figure class=\"wp-block-image size-large\"><img loading=\"lazy\" decoding=\"async\" width=\"1024\" height=\"683\" data-id=\"1025\" src=\"https:\/\/www.amatlan.gob.mx\/wp-content\/uploads\/2026\/03\/vb8t-1024x683.jpg\" alt=\"\" class=\"wp-image-1025\" srcset=\"https:\/\/www.amatlan.gob.mx\/wp-content\/uploads\/2026\/03\/vb8t-1024x683.jpg 1024w, https:\/\/www.amatlan.gob.mx\/wp-content\/uploads\/2026\/03\/vb8t-300x200.jpg 300w, https:\/\/www.amatlan.gob.mx\/wp-content\/uploads\/2026\/03\/vb8t-768x512.jpg 768w, https:\/\/www.amatlan.gob.mx\/wp-content\/uploads\/2026\/03\/vb8t-1536x1024.jpg 1536w, https:\/\/www.amatlan.gob.mx\/wp-content\/uploads\/2026\/03\/vb8t.jpg 2048w\" sizes=\"auto, (max-width: 1024px) 100vw, 1024px\" \/><\/figure>\n\n\n\n<figure class=\"wp-block-image size-large\"><img loading=\"lazy\" decoding=\"async\" width=\"1024\" height=\"683\" data-id=\"1024\" src=\"https:\/\/www.amatlan.gob.mx\/wp-content\/uploads\/2026\/03\/vb9t-1024x683.jpg\" alt=\"\" class=\"wp-image-1024\" srcset=\"https:\/\/www.amatlan.gob.mx\/wp-content\/uploads\/2026\/03\/vb9t-1024x683.jpg 1024w, https:\/\/www.amatlan.gob.mx\/wp-content\/uploads\/2026\/03\/vb9t-300x200.jpg 300w, https:\/\/www.amatlan.gob.mx\/wp-content\/uploads\/2026\/03\/vb9t-768x512.jpg 768w, https:\/\/www.amatlan.gob.mx\/wp-content\/uploads\/2026\/03\/vb9t-1536x1024.jpg 1536w, https:\/\/www.amatlan.gob.mx\/wp-content\/uploads\/2026\/03\/vb9t.jpg 2048w\" sizes=\"auto, (max-width: 1024px) 100vw, 1024px\" \/><\/figure>\n<\/figure>\n\n\n\n<p><\/p>\n","protected":false},"excerpt":{"rendered":"<p>El Gobierno Municipal de Amatl\u00e1n de Ca\u00f1as se complace en anunciar, el 8vo Torneo Municipal de Voleibol Femenil de categor\u00eda libre, fue un \u00e9xito. El equipo de \u00abBarranca del Oro\u00bb se coron\u00f3 Campe\u00f3n, seguido por el equipo de \u00abEl Pilon\u00bb en segundo lugar y \u00abMaster Amatl\u00e1n\u00bb en tercer lugar. Agradecemos al Director de Deportes, Jos\u00e9 [&hellip;]<\/p>\n","protected":false},"author":1,"featured_media":0,"comment_status":"open","ping_status":"closed","sticky":false,"template":"","format":"standard","meta":{"footnotes":""},"categories":[22],"tags":[],"class_list":["post-1023","post","type-post","status-publish","format-standard","hentry","category-deportes"],"_links":{"self":[{"href":"https:\/\/www.amatlan.gob.mx\/index.php?rest_route=\/wp\/v2\/posts\/1023","targetHints":{"allow":["GET"]}}],"collection":[{"href":"https:\/\/www.amatlan.gob.mx\/index.php?rest_route=\/wp\/v2\/posts"}],"about":[{"href":"https:\/\/www.amatlan.gob.mx\/index.php?rest_route=\/wp\/v2\/types\/post"}],"author":[{"embeddable":true,"href":"https:\/\/www.amatlan.gob.mx\/index.php?rest_route=\/wp\/v2\/users\/1"}],"replies":[{"embeddable":true,"href":"https:\/\/www.amatlan.gob.mx\/index.php?rest_route=%2Fwp%2Fv2%2Fcomments&post=1023"}],"version-history":[{"count":1,"href":"https:\/\/www.amatlan.gob.mx\/index.php?rest_route=\/wp\/v2\/posts\/1023\/revisions"}],"predecessor-version":[{"id":1026,"href":"https:\/\/www.amatlan.gob.mx\/index.php?rest_route=\/wp\/v2\/posts\/1023\/revisions\/1026"}],"wp:attachment":[{"href":"https:\/\/www.amatlan.gob.mx\/index.php?rest_route=%2Fwp%2Fv2%2Fmedia&parent=1023"}],"wp:term":[{"taxonomy":"category","embeddable":true,"href":"https:\/\/www.amatlan.gob.mx\/index.php?rest_route=%2Fwp%2Fv2%2Fcategories&post=1023"},{"taxonomy":"post_tag","embeddable":true,"href":"https:\/\/www.amatlan.gob.mx\/index.php?rest_route=%2Fwp%2Fv2%2Ftags&post=1023"}],"curies":[{"name":"wp","href":"https:\/\/api.w.org\/{rel}","templated":true}]}}