{"id":1021,"date":"2026-03-03T09:45:48","date_gmt":"2026-03-03T16:45:48","guid":{"rendered":"https:\/\/www.amatlan.gob.mx\/?post_type=lsvr_notice&#038;p=1021"},"modified":"2026-03-03T09:45:48","modified_gmt":"2026-03-03T16:45:48","slug":"campana-de-esterilizacion-y-castracion-de-mascotas-4","status":"publish","type":"lsvr_notice","link":"https:\/\/www.amatlan.gob.mx\/?lsvr_notice=campana-de-esterilizacion-y-castracion-de-mascotas-4","title":{"rendered":"Campa\u00f1a de Esterilizaci\u00f3n y Castraci\u00f3n de Mascotas"},"content":{"rendered":"<div class=\"wp-block-image\">\n<figure class=\"aligncenter size-large\"><img loading=\"lazy\" decoding=\"async\" width=\"1024\" height=\"1024\" src=\"https:\/\/www.amatlan.gob.mx\/wp-content\/uploads\/2026\/03\/Campana-EsterilizacionSab7Marzo-1024x1024.png\" alt=\"\" class=\"wp-image-1022\" srcset=\"https:\/\/www.amatlan.gob.mx\/wp-content\/uploads\/2026\/03\/Campana-EsterilizacionSab7Marzo-1024x1024.png 1024w, https:\/\/www.amatlan.gob.mx\/wp-content\/uploads\/2026\/03\/Campana-EsterilizacionSab7Marzo-300x300.png 300w, https:\/\/www.amatlan.gob.mx\/wp-content\/uploads\/2026\/03\/Campana-EsterilizacionSab7Marzo-150x150.png 150w, https:\/\/www.amatlan.gob.mx\/wp-content\/uploads\/2026\/03\/Campana-EsterilizacionSab7Marzo-768x768.png 768w, https:\/\/www.amatlan.gob.mx\/wp-content\/uploads\/2026\/03\/Campana-EsterilizacionSab7Marzo-1536x1536.png 1536w, https:\/\/www.amatlan.gob.mx\/wp-content\/uploads\/2026\/03\/Campana-EsterilizacionSab7Marzo-2048x2048.png 2048w\" sizes=\"auto, (max-width: 1024px) 100vw, 1024px\" \/><\/figure>\n<\/div>\n\n\n<p><\/p>\n\n\n\n<p>El <strong>Gobierno Municipal de Amatl\u00e1n de Ca\u00f1as<\/strong> invita a la ciudadan\u00eda a participar en la <strong>Campa\u00f1a de Esterilizaci\u00f3n y Castraci\u00f3n de Mascotas<\/strong>, con el objetivo de fomentar la tenencia responsable, prevenir la sobrepoblaci\u00f3n animal y contribuir al bienestar de nuestras mascotas.<\/p>\n\n\n\n<p>Porque su bienestar tambi\u00e9n es una prioridad para nuestro municipio.<\/p>\n\n\n\n<p><strong>Un Nuevo Amatl\u00e1n de Ca\u00f1as<\/strong> <img loading=\"lazy\" decoding=\"async\" height=\"16\" width=\"16\" src=\"https:\/\/static.xx.fbcdn.net\/images\/emoji.php\/v9\/tf4\/1\/16\/2728.png\" alt=\"\u2728\"><\/p>\n\n\n\n<p><\/p>\n","protected":false},"author":1,"template":"","meta":[],"lsvr_notice_cat":[33,24],"lsvr_notice_tag":[],"class_list":["post-1021","lsvr_notice","type-lsvr_notice","status-publish","hentry","lsvr_notice_cat-desarrollo-rural","lsvr_notice_cat-esterilizacion-de-mascotas"],"_links":{"self":[{"href":"https:\/\/www.amatlan.gob.mx\/index.php?rest_route=\/wp\/v2\/lsvr_notice\/1021","targetHints":{"allow":["GET"]}}],"collection":[{"href":"https:\/\/www.amatlan.gob.mx\/index.php?rest_route=\/wp\/v2\/lsvr_notice"}],"about":[{"href":"https:\/\/www.amatlan.gob.mx\/index.php?rest_route=\/wp\/v2\/types\/lsvr_notice"}],"author":[{"embeddable":true,"href":"https:\/\/www.amatlan.gob.mx\/index.php?rest_route=\/wp\/v2\/users\/1"}],"wp:attachment":[{"href":"https:\/\/www.amatlan.gob.mx\/index.php?rest_route=%2Fwp%2Fv2%2Fmedia&parent=1021"}],"wp:term":[{"taxonomy":"lsvr_notice_cat","embeddable":true,"href":"https:\/\/www.amatlan.gob.mx\/index.php?rest_route=%2Fwp%2Fv2%2Flsvr_notice_cat&post=1021"},{"taxonomy":"lsvr_notice_tag","embeddable":true,"href":"https:\/\/www.amatlan.gob.mx\/index.php?rest_route=%2Fwp%2Fv2%2Flsvr_notice_tag&post=1021"}],"curies":[{"name":"wp","href":"https:\/\/api.w.org\/{rel}","templated":true}]}}